{"id":1466,"date":"2020-11-15T03:29:10","date_gmt":"2020-11-15T03:29:10","guid":{"rendered":"https:\/\/atmendesyoga.de\/?p=1466"},"modified":"2020-12-21T10:46:38","modified_gmt":"2020-12-21T10:46:38","slug":"staunen","status":"publish","type":"post","link":"https:\/\/atmendesyoga.de\/?p=1466","title":{"rendered":"Staunen"},"content":{"rendered":"\n<figure class=\"wp-block-image size-large\"><img loading=\"lazy\" decoding=\"async\" width=\"1024\" height=\"277\" src=\"https:\/\/atmendesyoga.de\/wp-content\/uploads\/2020\/11\/WolkenLicht2-1024x277.jpg\" alt=\"\" class=\"wp-image-1470\" srcset=\"https:\/\/atmendesyoga.de\/wp-content\/uploads\/2020\/11\/WolkenLicht2-1024x277.jpg 1024w, https:\/\/atmendesyoga.de\/wp-content\/uploads\/2020\/11\/WolkenLicht2-300x81.jpg 300w, https:\/\/atmendesyoga.de\/wp-content\/uploads\/2020\/11\/WolkenLicht2-768x208.jpg 768w, https:\/\/atmendesyoga.de\/wp-content\/uploads\/2020\/11\/WolkenLicht2-228x62.jpg 228w, https:\/\/atmendesyoga.de\/wp-content\/uploads\/2020\/11\/WolkenLicht2.jpg 1220w\" sizes=\"auto, (max-width: 1024px) 100vw, 1024px\" \/><\/figure>\n\n\n\n<p align=\"justify\"><span style=\"color: #000000;\"><span style=\"font-family: Verdana, sans-serif;\">Die Qualit\u00e4t des Staunens ist so bedeutungsvoll. Es ist die Ebene, in der etwas unerkl\u00e4rbar neu ist.  Ohne Erkl\u00e4rung DA ist. Wo wir nichts erkl\u00e4ren m\u00fcssen. Nur aufnehmen und staunen. Das Licht der Sonne \u2013 nicht einmal der Begriff \u201eSonne\u201c und unsere Vorstellungen davon, sondern nur das Licht zwischen den Wolken. Nicht einmal \u201eWolken\u201c, sondern Farben und Lichtungen. Und in den Aufhellungen, der glei\u00dfende Kern, das Licht. Dann, irgendwann, bahnt sich ein Strahlen hindurch durch das Dunkel, hinab auf die unermessliche Weite des Meeres. Ein Glanz huscht mit dem Wind \u00fcber die Wellenk\u00e4mme, l\u00f6st sich auf\u2026 Bewegung, Luft, Glanz, ein Wispern, der Atem des Meeres und ein vorbei schwebender Hauch,  der nur Leichtigkeit hinterl\u00e4\u00dft. Ein sanft w\u00e4rmendes, schimmerndes Licht, die offene Weite zur\u00fcck l\u00e4\u00dft, das Staunen vor der Unermesslichkeit und \u2013 das Glimmen von Gl\u00fcck im Herzen.<\/span><\/span><\/p>\n\n\n\n<p class=\"has-text-align-right\">Foto: privat<\/p>\n","protected":false},"excerpt":{"rendered":"<p>Die Qualit\u00e4t des Staunens ist so bedeutungsvoll. Es ist die Ebene, in der etwas unerkl\u00e4rbar neu ist. Ohne Erkl\u00e4rung DA ist. Wo wir nichts erkl\u00e4ren m\u00fcssen. Nur aufnehmen und staunen. Das Licht der Sonne \u2013 nicht einmal der Begriff \u201eSonne\u201c<\/p>\n","protected":false},"author":2,"featured_media":0,"comment_status":"closed","ping_status":"closed","sticky":false,"template":"","format":"standard","meta":{"footnotes":""},"categories":[1],"tags":[],"class_list":["post-1466","post","type-post","status-publish","format-standard","hentry","category-uncategorized"],"yoast_head":"<!-- This site is optimized with the Yoast SEO plugin v27.5 - https:\/\/yoast.com\/product\/yoast-seo-wordpress\/ -->\n<title>Staunen - Atmendesyoga<\/title>\n<meta name=\"robots\" content=\"index, follow, max-snippet:-1, max-image-preview:large, max-video-preview:-1\" \/>\n<link rel=\"canonical\" href=\"https:\/\/atmendesyoga.de\/?p=1466\" \/>\n<meta property=\"og:locale\" content=\"de_DE\" \/>\n<meta property=\"og:type\" content=\"article\" \/>\n<meta property=\"og:title\" content=\"Staunen - Atmendesyoga\" \/>\n<meta property=\"og:description\" content=\"Die Qualit\u00e4t des Staunens ist so bedeutungsvoll. Es ist die Ebene, in der etwas unerkl\u00e4rbar neu ist. Ohne Erkl\u00e4rung DA ist. Wo wir nichts erkl\u00e4ren m\u00fcssen. Nur aufnehmen und staunen. Das Licht der Sonne \u2013 nicht einmal der Begriff \u201eSonne\u201c\" \/>\n<meta property=\"og:url\" content=\"https:\/\/atmendesyoga.de\/?p=1466\" \/>\n<meta property=\"og:site_name\" content=\"Atmendesyoga\" \/>\n<meta property=\"article:published_time\" content=\"2020-11-15T03:29:10+00:00\" \/>\n<meta property=\"article:modified_time\" content=\"2020-12-21T10:46:38+00:00\" \/>\n<meta property=\"og:image\" content=\"https:\/\/atmendesyoga.de\/wp-content\/uploads\/2020\/11\/WolkenLicht2-1024x277.jpg\" \/>\n<meta name=\"author\" content=\"Osman\" \/>\n<meta name=\"twitter:card\" content=\"summary_large_image\" \/>\n<meta name=\"twitter:label1\" content=\"Verfasst von\" \/>\n\t<meta name=\"twitter:data1\" content=\"Osman\" \/>\n\t<meta name=\"twitter:label2\" content=\"Gesch\u00e4tzte Lesezeit\" \/>\n\t<meta name=\"twitter:data2\" content=\"1\u00a0Minute\" \/>\n<script type=\"application\/ld+json\" class=\"yoast-schema-graph\">{\"@context\":\"https:\\\/\\\/schema.org\",\"@graph\":[{\"@type\":\"Article\",\"@id\":\"https:\\\/\\\/atmendesyoga.de\\\/?p=1466#article\",\"isPartOf\":{\"@id\":\"https:\\\/\\\/atmendesyoga.de\\\/?p=1466\"},\"author\":{\"name\":\"Osman\",\"@id\":\"https:\\\/\\\/atmendesyoga.de\\\/#\\\/schema\\\/person\\\/17390f2b18a86c6f2bc58b3f9ac47d8b\"},\"headline\":\"Staunen\",\"datePublished\":\"2020-11-15T03:29:10+00:00\",\"dateModified\":\"2020-12-21T10:46:38+00:00\",\"mainEntityOfPage\":{\"@id\":\"https:\\\/\\\/atmendesyoga.de\\\/?p=1466\"},\"wordCount\":151,\"image\":{\"@id\":\"https:\\\/\\\/atmendesyoga.de\\\/?p=1466#primaryimage\"},\"thumbnailUrl\":\"https:\\\/\\\/atmendesyoga.de\\\/wp-content\\\/uploads\\\/2020\\\/11\\\/WolkenLicht2-1024x277.jpg\",\"articleSection\":[\"Uncategorized\"],\"inLanguage\":\"de\"},{\"@type\":\"WebPage\",\"@id\":\"https:\\\/\\\/atmendesyoga.de\\\/?p=1466\",\"url\":\"https:\\\/\\\/atmendesyoga.de\\\/?p=1466\",\"name\":\"Staunen - Atmendesyoga\",\"isPartOf\":{\"@id\":\"https:\\\/\\\/atmendesyoga.de\\\/#website\"},\"primaryImageOfPage\":{\"@id\":\"https:\\\/\\\/atmendesyoga.de\\\/?p=1466#primaryimage\"},\"image\":{\"@id\":\"https:\\\/\\\/atmendesyoga.de\\\/?p=1466#primaryimage\"},\"thumbnailUrl\":\"https:\\\/\\\/atmendesyoga.de\\\/wp-content\\\/uploads\\\/2020\\\/11\\\/WolkenLicht2-1024x277.jpg\",\"datePublished\":\"2020-11-15T03:29:10+00:00\",\"dateModified\":\"2020-12-21T10:46:38+00:00\",\"author\":{\"@id\":\"https:\\\/\\\/atmendesyoga.de\\\/#\\\/schema\\\/person\\\/17390f2b18a86c6f2bc58b3f9ac47d8b\"},\"breadcrumb\":{\"@id\":\"https:\\\/\\\/atmendesyoga.de\\\/?p=1466#breadcrumb\"},\"inLanguage\":\"de\",\"potentialAction\":[{\"@type\":\"ReadAction\",\"target\":[\"https:\\\/\\\/atmendesyoga.de\\\/?p=1466\"]}]},{\"@type\":\"ImageObject\",\"inLanguage\":\"de\",\"@id\":\"https:\\\/\\\/atmendesyoga.de\\\/?p=1466#primaryimage\",\"url\":\"https:\\\/\\\/atmendesyoga.de\\\/wp-content\\\/uploads\\\/2020\\\/11\\\/WolkenLicht2-1024x277.jpg\",\"contentUrl\":\"https:\\\/\\\/atmendesyoga.de\\\/wp-content\\\/uploads\\\/2020\\\/11\\\/WolkenLicht2-1024x277.jpg\"},{\"@type\":\"BreadcrumbList\",\"@id\":\"https:\\\/\\\/atmendesyoga.de\\\/?p=1466#breadcrumb\",\"itemListElement\":[{\"@type\":\"ListItem\",\"position\":1,\"name\":\"Startseite\",\"item\":\"https:\\\/\\\/atmendesyoga.de\\\/\"},{\"@type\":\"ListItem\",\"position\":2,\"name\":\"Staunen\"}]},{\"@type\":\"WebSite\",\"@id\":\"https:\\\/\\\/atmendesyoga.de\\\/#website\",\"url\":\"https:\\\/\\\/atmendesyoga.de\\\/\",\"name\":\"Atmendesyoga\",\"description\":\"\",\"potentialAction\":[{\"@type\":\"SearchAction\",\"target\":{\"@type\":\"EntryPoint\",\"urlTemplate\":\"https:\\\/\\\/atmendesyoga.de\\\/?s={search_term_string}\"},\"query-input\":{\"@type\":\"PropertyValueSpecification\",\"valueRequired\":true,\"valueName\":\"search_term_string\"}}],\"inLanguage\":\"de\"},{\"@type\":\"Person\",\"@id\":\"https:\\\/\\\/atmendesyoga.de\\\/#\\\/schema\\\/person\\\/17390f2b18a86c6f2bc58b3f9ac47d8b\",\"name\":\"Osman\",\"image\":{\"@type\":\"ImageObject\",\"inLanguage\":\"de\",\"@id\":\"https:\\\/\\\/secure.gravatar.com\\\/avatar\\\/3b528e81be68eb54b92f82469018bf4633e883aa2a11035a454475325d6ac919?s=96&d=mm&r=g\",\"url\":\"https:\\\/\\\/secure.gravatar.com\\\/avatar\\\/3b528e81be68eb54b92f82469018bf4633e883aa2a11035a454475325d6ac919?s=96&d=mm&r=g\",\"contentUrl\":\"https:\\\/\\\/secure.gravatar.com\\\/avatar\\\/3b528e81be68eb54b92f82469018bf4633e883aa2a11035a454475325d6ac919?s=96&d=mm&r=g\",\"caption\":\"Osman\"},\"url\":\"https:\\\/\\\/atmendesyoga.de\\\/?author=2\"}]}<\/script>\n<!-- \/ Yoast SEO plugin. -->","yoast_head_json":{"title":"Staunen - Atmendesyoga","robots":{"index":"index","follow":"follow","max-snippet":"max-snippet:-1","max-image-preview":"max-image-preview:large","max-video-preview":"max-video-preview:-1"},"canonical":"https:\/\/atmendesyoga.de\/?p=1466","og_locale":"de_DE","og_type":"article","og_title":"Staunen - Atmendesyoga","og_description":"Die Qualit\u00e4t des Staunens ist so bedeutungsvoll. Es ist die Ebene, in der etwas unerkl\u00e4rbar neu ist. Ohne Erkl\u00e4rung DA ist. Wo wir nichts erkl\u00e4ren m\u00fcssen. Nur aufnehmen und staunen. Das Licht der Sonne \u2013 nicht einmal der Begriff \u201eSonne\u201c","og_url":"https:\/\/atmendesyoga.de\/?p=1466","og_site_name":"Atmendesyoga","article_published_time":"2020-11-15T03:29:10+00:00","article_modified_time":"2020-12-21T10:46:38+00:00","og_image":[{"url":"https:\/\/atmendesyoga.de\/wp-content\/uploads\/2020\/11\/WolkenLicht2-1024x277.jpg","type":"","width":"","height":""}],"author":"Osman","twitter_card":"summary_large_image","twitter_misc":{"Verfasst von":"Osman","Gesch\u00e4tzte Lesezeit":"1\u00a0Minute"},"schema":{"@context":"https:\/\/schema.org","@graph":[{"@type":"Article","@id":"https:\/\/atmendesyoga.de\/?p=1466#article","isPartOf":{"@id":"https:\/\/atmendesyoga.de\/?p=1466"},"author":{"name":"Osman","@id":"https:\/\/atmendesyoga.de\/#\/schema\/person\/17390f2b18a86c6f2bc58b3f9ac47d8b"},"headline":"Staunen","datePublished":"2020-11-15T03:29:10+00:00","dateModified":"2020-12-21T10:46:38+00:00","mainEntityOfPage":{"@id":"https:\/\/atmendesyoga.de\/?p=1466"},"wordCount":151,"image":{"@id":"https:\/\/atmendesyoga.de\/?p=1466#primaryimage"},"thumbnailUrl":"https:\/\/atmendesyoga.de\/wp-content\/uploads\/2020\/11\/WolkenLicht2-1024x277.jpg","articleSection":["Uncategorized"],"inLanguage":"de"},{"@type":"WebPage","@id":"https:\/\/atmendesyoga.de\/?p=1466","url":"https:\/\/atmendesyoga.de\/?p=1466","name":"Staunen - Atmendesyoga","isPartOf":{"@id":"https:\/\/atmendesyoga.de\/#website"},"primaryImageOfPage":{"@id":"https:\/\/atmendesyoga.de\/?p=1466#primaryimage"},"image":{"@id":"https:\/\/atmendesyoga.de\/?p=1466#primaryimage"},"thumbnailUrl":"https:\/\/atmendesyoga.de\/wp-content\/uploads\/2020\/11\/WolkenLicht2-1024x277.jpg","datePublished":"2020-11-15T03:29:10+00:00","dateModified":"2020-12-21T10:46:38+00:00","author":{"@id":"https:\/\/atmendesyoga.de\/#\/schema\/person\/17390f2b18a86c6f2bc58b3f9ac47d8b"},"breadcrumb":{"@id":"https:\/\/atmendesyoga.de\/?p=1466#breadcrumb"},"inLanguage":"de","potentialAction":[{"@type":"ReadAction","target":["https:\/\/atmendesyoga.de\/?p=1466"]}]},{"@type":"ImageObject","inLanguage":"de","@id":"https:\/\/atmendesyoga.de\/?p=1466#primaryimage","url":"https:\/\/atmendesyoga.de\/wp-content\/uploads\/2020\/11\/WolkenLicht2-1024x277.jpg","contentUrl":"https:\/\/atmendesyoga.de\/wp-content\/uploads\/2020\/11\/WolkenLicht2-1024x277.jpg"},{"@type":"BreadcrumbList","@id":"https:\/\/atmendesyoga.de\/?p=1466#breadcrumb","itemListElement":[{"@type":"ListItem","position":1,"name":"Startseite","item":"https:\/\/atmendesyoga.de\/"},{"@type":"ListItem","position":2,"name":"Staunen"}]},{"@type":"WebSite","@id":"https:\/\/atmendesyoga.de\/#website","url":"https:\/\/atmendesyoga.de\/","name":"Atmendesyoga","description":"","potentialAction":[{"@type":"SearchAction","target":{"@type":"EntryPoint","urlTemplate":"https:\/\/atmendesyoga.de\/?s={search_term_string}"},"query-input":{"@type":"PropertyValueSpecification","valueRequired":true,"valueName":"search_term_string"}}],"inLanguage":"de"},{"@type":"Person","@id":"https:\/\/atmendesyoga.de\/#\/schema\/person\/17390f2b18a86c6f2bc58b3f9ac47d8b","name":"Osman","image":{"@type":"ImageObject","inLanguage":"de","@id":"https:\/\/secure.gravatar.com\/avatar\/3b528e81be68eb54b92f82469018bf4633e883aa2a11035a454475325d6ac919?s=96&d=mm&r=g","url":"https:\/\/secure.gravatar.com\/avatar\/3b528e81be68eb54b92f82469018bf4633e883aa2a11035a454475325d6ac919?s=96&d=mm&r=g","contentUrl":"https:\/\/secure.gravatar.com\/avatar\/3b528e81be68eb54b92f82469018bf4633e883aa2a11035a454475325d6ac919?s=96&d=mm&r=g","caption":"Osman"},"url":"https:\/\/atmendesyoga.de\/?author=2"}]}},"_links":{"self":[{"href":"https:\/\/atmendesyoga.de\/index.php?rest_route=\/wp\/v2\/posts\/1466","targetHints":{"allow":["GET"]}}],"collection":[{"href":"https:\/\/atmendesyoga.de\/index.php?rest_route=\/wp\/v2\/posts"}],"about":[{"href":"https:\/\/atmendesyoga.de\/index.php?rest_route=\/wp\/v2\/types\/post"}],"author":[{"embeddable":true,"href":"https:\/\/atmendesyoga.de\/index.php?rest_route=\/wp\/v2\/users\/2"}],"replies":[{"embeddable":true,"href":"https:\/\/atmendesyoga.de\/index.php?rest_route=%2Fwp%2Fv2%2Fcomments&post=1466"}],"version-history":[{"count":8,"href":"https:\/\/atmendesyoga.de\/index.php?rest_route=\/wp\/v2\/posts\/1466\/revisions"}],"predecessor-version":[{"id":1579,"href":"https:\/\/atmendesyoga.de\/index.php?rest_route=\/wp\/v2\/posts\/1466\/revisions\/1579"}],"wp:attachment":[{"href":"https:\/\/atmendesyoga.de\/index.php?rest_route=%2Fwp%2Fv2%2Fmedia&parent=1466"}],"wp:term":[{"taxonomy":"category","embeddable":true,"href":"https:\/\/atmendesyoga.de\/index.php?rest_route=%2Fwp%2Fv2%2Fcategories&post=1466"},{"taxonomy":"post_tag","embeddable":true,"href":"https:\/\/atmendesyoga.de\/index.php?rest_route=%2Fwp%2Fv2%2Ftags&post=1466"}],"curies":[{"name":"wp","href":"https:\/\/api.w.org\/{rel}","templated":true}]}}